{"id":1014,"date":"2020-06-14T20:01:06","date_gmt":"2020-06-14T18:01:06","guid":{"rendered":"http:\/\/snppl.lu\/?p=1014"},"modified":"2020-12-29T21:21:30","modified_gmt":"2020-12-29T20:21:30","slug":"feiermelder-2020-04","status":"publish","type":"post","link":"https:\/\/snppl.lu\/?p=1014","title":{"rendered":"Feiermelder 2020\/04"},"content":{"rendered":"<p><strong>Zanter iwwert engem Joer&nbsp;<\/strong><\/p>\n<p>prob\u00e9iere mir zesummen mat eisem Daachverband der CGFP an de Responsabelen vum CGDIS en <a href=\"https:\/\/snppl.us20.list-manage.com\/track\/click?u=f56c132d8652bdc512a7de7a0&amp;id=235a226cb6&amp;e=0cdc206e16\" target=\"_blank\" rel=\"noopener noreferrer\">Accord sectoriel zur Aarbechtsz\u00e4itregelung<\/a> ze treffen, sou w\u00e9i et och an aneren Verwaltungen scho geschitt ass.<br \/>\n&nbsp;<br \/>\n<strong>Am Mee 2019<\/strong>&nbsp;huet d\u2019CGFP eng \u00e9ischt Demande d\u2019Entrevue an dem S\u00ebnn un d\u2019Innenministesch Taina Bofferding gesch\u00e9ckt.<\/p>\n<p><!--more-->&nbsp;<br \/>\nEt huet bis de 17. September gedauert \u00e9ier no diversen Rappelen an engem Pressecommuniqu\u00e9 s\u00e4itens der CGFP d\u00ebs Entrevue, mat der Innenministesch, dem President vum Verwaltungsrot an dem Directeur administatif et financier, Vertrieder vun der CGFP an dem SNPPL, zu stane koum.<\/p>\n<p>Am Laf vun d\u00ebsem Treffen hu mir eis Revendicatiounen present\u00e9iert an d\u00e9i Responsabel vum CGDIS hun sech engag\u00e9iert de Personalvertrieder bis Enn Oktober e Projet d\u2019accord ze pr\u00e9sent\u00e9ieren, op Basis vun dem eng n\u00e4chst Verhandlungsronn stattfanne sollt.<br \/>\n&nbsp;<br \/>\nAm M\u00e4rz 2020 h\u00e4tt et dunn no diversen Rappelen s\u00e4itens der CGFP endlech sollen zu enger zweeter Entrevue kommen, d\u00ebs ass leider duerch d\u2018Situatioun rondr\u00ebm de COVID19 ausgefall. En Projet fir den Accord loung och zu d\u00ebsem Moment nach net fir.<\/p>\n<p><u>Trotz etleche Rappeler<\/u> s\u00e4itens dem Syndikat an nodeems och<br \/>\nam <strong>Juni 2020 <\/strong><strong>nach \u00ebmmer kee Projet<\/strong> fir loung, huet de Comit\u00e9 Ex\u00e9cutif vun der CGFP, Vertrieder vum SNPPL invit\u00e9iert fir iwwert d\u00e9i weider Virgehensweis am Dossier ze schwetzen.&nbsp;<\/p>\n<p>Nodeems mir an d\u00ebsem Dossier m\u00e9i w\u00e9i aacht M\u00e9int vertr\u00e9ischt gi sinn, woren sech de Comit\u00e9 Ex\u00e9cutif an d\u2019Vertrieder vum SNPPL eens, dass en hei en n\u00e4chste Schr\u00ebtt muss maachen, an esou ass D\u00e9cisioun gefall fir eng Proc\u00e9dure de Conciliation ze annonc\u00e9ieren.<br \/>\n&nbsp;<br \/>\nMir fannen et schued, dass et esou w\u00e4it huet misse kommen, virun allem well mir eis&nbsp; an enger Partie Punkten <u>schon mat der Direktioun eens <\/u>sinn.<\/p>\n<p>Eist Zil w\u00e4ert et weiderhinn bleiwen d\u00ebsen Accord zu stanen ze br\u00e9ngen, an dem entpriechend w\u00e4erte souwuel d\u2019CGFP w\u00e9i mir och weider fir Gespr\u00e9icher zur Verf\u00fcgung stoen.<\/p>\n","protected":false},"excerpt":{"rendered":"<p>Zanter iwwert engem Joer&nbsp; prob\u00e9iere mir zesummen mat eisem Daachverband der CGFP an de Responsabelen vum CGDIS en Accord sectoriel zur Aarbechtsz\u00e4itregelung ze treffen, sou w\u00e9i et och an aneren Verwaltungen scho geschitt ass. &nbsp; Am Mee 2019&nbsp;huet d\u2019CGFP eng \u00e9ischt Demande d\u2019Entrevue an dem S\u00ebnn un d\u2019Innenministesch Taina Bofferding gesch\u00e9ckt.<\/p>\n","protected":false},"author":4,"featured_media":1016,"comment_status":"closed","ping_status":"closed","sticky":false,"template":"","format":"standard","meta":{"footnotes":""},"categories":[6],"tags":[],"class_list":["post-1014","post","type-post","status-publish","format-standard","has-post-thumbnail","hentry","category-feiermelder"],"_links":{"self":[{"href":"https:\/\/snppl.lu\/index.php?rest_route=\/wp\/v2\/posts\/1014","targetHints":{"allow":["GET"]}}],"collection":[{"href":"https:\/\/snppl.lu\/index.php?rest_route=\/wp\/v2\/posts"}],"about":[{"href":"https:\/\/snppl.lu\/index.php?rest_route=\/wp\/v2\/types\/post"}],"author":[{"embeddable":true,"href":"https:\/\/snppl.lu\/index.php?rest_route=\/wp\/v2\/users\/4"}],"replies":[{"embeddable":true,"href":"https:\/\/snppl.lu\/index.php?rest_route=%2Fwp%2Fv2%2Fcomments&post=1014"}],"version-history":[{"count":2,"href":"https:\/\/snppl.lu\/index.php?rest_route=\/wp\/v2\/posts\/1014\/revisions"}],"predecessor-version":[{"id":1030,"href":"https:\/\/snppl.lu\/index.php?rest_route=\/wp\/v2\/posts\/1014\/revisions\/1030"}],"wp:featuredmedia":[{"embeddable":true,"href":"https:\/\/snppl.lu\/index.php?rest_route=\/wp\/v2\/media\/1016"}],"wp:attachment":[{"href":"https:\/\/snppl.lu\/index.php?rest_route=%2Fwp%2Fv2%2Fmedia&parent=1014"}],"wp:term":[{"taxonomy":"category","embeddable":true,"href":"https:\/\/snppl.lu\/index.php?rest_route=%2Fwp%2Fv2%2Fcategories&post=1014"},{"taxonomy":"post_tag","embeddable":true,"href":"https:\/\/snppl.lu\/index.php?rest_route=%2Fwp%2Fv2%2Ftags&post=1014"}],"curies":[{"name":"wp","href":"https:\/\/api.w.org\/{rel}","templated":true}]}}