{"id":1115,"date":"2021-03-25T19:47:05","date_gmt":"2021-03-25T18:47:05","guid":{"rendered":"http:\/\/snppl.lu\/?p=1115"},"modified":"2021-04-10T23:16:10","modified_gmt":"2021-04-10T21:16:10","slug":"feiermelder-2021-01","status":"publish","type":"post","link":"https:\/\/snppl.lu\/?p=1115","title":{"rendered":"Feiermelder 2021\/01"},"content":{"rendered":"\n<div class=\"wp-block-columns is-layout-flex wp-container-core-columns-is-layout-9d6595d7 wp-block-columns-is-layout-flex\">\n<div class=\"wp-block-column is-layout-flow wp-block-column-is-layout-flow\">\n<div class=\"wp-block-group\"><div class=\"wp-block-group__inner-container is-layout-flow wp-block-group-is-layout-flow\">\n<div class=\"wp-block-group\"><div class=\"wp-block-group__inner-container is-layout-flow wp-block-group-is-layout-flow\">\n<div class=\"wp-block-group\"><div class=\"wp-block-group__inner-container is-layout-flow wp-block-group-is-layout-flow\">\n<p class=\"has-background\" style=\"background-color:#dbe6ed\">Vill vun Iech hunn sech best\u00ebmmt gefreet w\u00e9i si &nbsp;vum INFS d\u2019Invitatioun fir d\u2019Formation Continue d\u00ebst Joer kritt hunn, an d\u00ebser goufen eis \u00ebnner anerem Kaffi a Croissant versprach. Leider konnt den INFS an d\u00ebsem Fall s\u00e4i Wuert net halen, well fir d\u00e9i berufflech Kolleegen&nbsp;keng Verpflegung vir gesinn ass. D\u00ebst ass zwar iergerlech&nbsp;mee mir w\u00e4erten et wuel iwwerliewen.<\/p>\n\n\n\n<p class=\"has-background\" style=\"background-color:#dbe6ed\"><strong>Komplett inakzeptabel&nbsp;<\/strong>ass et awer wann den INFS d\u2019Leit dozou oprifft hiert Stuermgezei&nbsp;an och hir Ger\u00e4ter an hirem privaten Auto mat ze huelen.<\/p>\n<\/div><\/div>\n\n\n\n<p class=\"has-background\" style=\"background-color:#dbe6ed\">Eis ass et op d\u00ebser Platz&nbsp;och wichteg mam Mythos op ze raumen, dass beim Verbrennen vu einfachem Holz keng Schuedstoffer entstinn. Bei d\u00ebsem \u201eproppere\u201c Feier ginn h\u00e9ich kriibserreegend&nbsp;Stoffer fr\u00e4igesat.<\/p>\n\n\n\n<p class=\"has-background\" style=\"background-color:#dbe6ed\">Mir hunn des Problematik souwuel dem INFS w\u00e9i och dem Comit\u00e9 Directeur duer geluecht, a si opgefuerdert hir Responsabilit\u00e9it ze huelen an duerfir ze suergen, dass keen Pompjee muss kontamin\u00e9iert&nbsp;Material a sengem&nbsp;Privatauto ronder\u00ebm&nbsp;f\u00e9ieren.<\/p>\n\n\n\n<p class=\"has-background\" style=\"background-color:#dbe6ed\"><strong>Hei steet d\u2019Gesondheet&nbsp;<\/strong>vun dene betraffene Leit<strong>&nbsp;um Spill&nbsp;<\/strong>an d\u00ebst ass en absoluten NoGo.<\/p>\n<\/div><\/div>\n<\/div><\/div>\n<\/div>\n<\/div>\n\n\n\n<div class=\"wp-block-group\"><div class=\"wp-block-group__inner-container is-layout-flow wp-block-group-is-layout-flow\">\n<p><strong>Accord Salarial<\/strong><\/p>\n\n\n\n<div class=\"wp-block-group has-background\" style=\"background-color:#f5d9d9\"><div class=\"wp-block-group__inner-container is-layout-flow wp-block-group-is-layout-flow\">\n<p>&nbsp;Den 04.03.2021hunn d\u2019CGFP an de Minister Hansen den Accord salarial \u00ebnnerschriwwen, den iwwert d\u2019Joren 2021 an2022 leeft. Et ass e responsabelen&nbsp;Accord, den d\u00e9i Acquisen&nbsp;d\u00e9i mir haut hunn ofs\u00e9chert&nbsp;an den de Fokus&nbsp;op d\u2019Verbesserung vun den Aarbechtskonditioune&nbsp;leet an esou duerfir suergt, dass och a Krisenz\u00e4iten d\u2019Fonction Publique e s\u00e9cheren&nbsp;an attraktive Secteur&nbsp;bleift.<\/p>\n\n\n\n<p>De ganzen Accord k\u00ebnnt Dir hei liesen:&nbsp; &nbsp;<a href=\"https:\/\/www.cgfp.lu\/actualites\/2021\/gehalterabkommen-cgfp-schiebt-privatisierungstendenzen-riegel-vor\">https:\/\/www.cgfp.lu\/actualites\/2021\/gehalterabkommen-cgfp-schiebt-privatisierungstendenzen-riegel-vor<\/a><\/p>\n<\/div><\/div>\n<\/div><\/div>\n\n\n\n<div class=\"wp-block-group\"><div class=\"wp-block-group__inner-container is-layout-flow wp-block-group-is-layout-flow\">\n<p>Preretraite<\/p>\n\n\n\n<p>E Punkt op de mir d\u2019lescht Joer vill ugeschwat gi sinn ass d\u2019<strong>Preretraite<\/strong> fir d\u00e9i Leit d\u00e9i 20 Joer Schichte schaffen, den Accord ges\u00e4it fir, dass hei d\u00ebst Joer soll eng L\u00e9isung fonnt ginn.<\/p>\n<\/div><\/div>\n","protected":false},"excerpt":{"rendered":"<p>Vill vun Iech hunn sech best\u00ebmmt gefreet w\u00e9i si &nbsp;vum INFS d\u2019Invitatioun fir d\u2019Formation Continue d\u00ebst Joer kritt hunn, an d\u00ebser goufen eis \u00ebnner anerem Kaffi a Croissant versprach. Leider konnt den INFS an d\u00ebsem Fall s\u00e4i Wuert net halen, well fir d\u00e9i berufflech Kolleegen&nbsp;keng Verpflegung vir gesinn ass. D\u00ebst ass zwar iergerlech&nbsp;mee mir w\u00e4erten &hellip; <\/p>\n<p class=\"link-more\"><a href=\"https:\/\/snppl.lu\/?p=1115\" class=\"more-link\"><span class=\"screen-reader-text\">\u201eFeiermelder 2021\/01\u201c <\/span>weiterlesen<\/a><\/p>\n","protected":false},"author":4,"featured_media":1116,"comment_status":"closed","ping_status":"closed","sticky":false,"template":"","format":"standard","meta":{"footnotes":""},"categories":[6],"tags":[],"class_list":["post-1115","post","type-post","status-publish","format-standard","has-post-thumbnail","hentry","category-feiermelder"],"_links":{"self":[{"href":"https:\/\/snppl.lu\/index.php?rest_route=\/wp\/v2\/posts\/1115","targetHints":{"allow":["GET"]}}],"collection":[{"href":"https:\/\/snppl.lu\/index.php?rest_route=\/wp\/v2\/posts"}],"about":[{"href":"https:\/\/snppl.lu\/index.php?rest_route=\/wp\/v2\/types\/post"}],"author":[{"embeddable":true,"href":"https:\/\/snppl.lu\/index.php?rest_route=\/wp\/v2\/users\/4"}],"replies":[{"embeddable":true,"href":"https:\/\/snppl.lu\/index.php?rest_route=%2Fwp%2Fv2%2Fcomments&post=1115"}],"version-history":[{"count":4,"href":"https:\/\/snppl.lu\/index.php?rest_route=\/wp\/v2\/posts\/1115\/revisions"}],"predecessor-version":[{"id":1124,"href":"https:\/\/snppl.lu\/index.php?rest_route=\/wp\/v2\/posts\/1115\/revisions\/1124"}],"wp:featuredmedia":[{"embeddable":true,"href":"https:\/\/snppl.lu\/index.php?rest_route=\/wp\/v2\/media\/1116"}],"wp:attachment":[{"href":"https:\/\/snppl.lu\/index.php?rest_route=%2Fwp%2Fv2%2Fmedia&parent=1115"}],"wp:term":[{"taxonomy":"category","embeddable":true,"href":"https:\/\/snppl.lu\/index.php?rest_route=%2Fwp%2Fv2%2Fcategories&post=1115"},{"taxonomy":"post_tag","embeddable":true,"href":"https:\/\/snppl.lu\/index.php?rest_route=%2Fwp%2Fv2%2Ftags&post=1115"}],"curies":[{"name":"wp","href":"https:\/\/api.w.org\/{rel}","templated":true}]}}